{"id":2212,"date":"2016-03-15T22:39:46","date_gmt":"2016-03-15T22:39:46","guid":{"rendered":"http:\/\/soledadjaen.es\/web\/?p=2212"},"modified":"2024-02-29T08:43:01","modified_gmt":"2024-02-29T08:43:01","slug":"solemne-quinario","status":"publish","type":"post","link":"http:\/\/soledadjaen.es\/web\/?p=2212","title":{"rendered":"CUARESMA 2024"},"content":{"rendered":"<div class=\"xdj266r x11i5rnm xat24cr x1mh8g0r x1vvkbs x126k92a\">\n<h4 dir=\"auto\"><a href=\"http:\/\/soledadjaen.es\/web\/wp-content\/uploads\/428609627_807717851396515_3160187514778567545_n.jpg\"><img loading=\"lazy\" decoding=\"async\" class=\"aligncenter size-large wp-image-2925 colorbox-2212\" src=\"http:\/\/soledadjaen.es\/web\/wp-content\/uploads\/428609627_807717851396515_3160187514778567545_n-1024x632.jpg\" alt=\"428609627_807717851396515_3160187514778567545_n\" width=\"640\" height=\"395\" srcset=\"http:\/\/soledadjaen.es\/web\/wp-content\/uploads\/428609627_807717851396515_3160187514778567545_n-1024x632.jpg 1024w, http:\/\/soledadjaen.es\/web\/wp-content\/uploads\/428609627_807717851396515_3160187514778567545_n-300x185.jpg 300w, http:\/\/soledadjaen.es\/web\/wp-content\/uploads\/428609627_807717851396515_3160187514778567545_n.jpg 1248w\" sizes=\"(max-width: 640px) 100vw, 640px\" \/><\/a><\/h4>\n<p dir=\"auto\" style=\"text-align: justify;\"><strong>XXVIII PREG\u00d3N \u201cSOLEDAD\u00bb<\/strong><\/p>\n<\/div>\n<p dir=\"auto\" style=\"text-align: justify;\">El pr\u00f3ximo 8 de marzo, tendr\u00e1 lugar el XXVIII Preg\u00f3n \u201cSoledad\u201d, el cual correr\u00e1 a cargo de D\u00aa \u00darsula Colmenero Domingo.<\/p>\n<p dir=\"auto\" style=\"text-align: justify;\">Tomar\u00e1 el testigo de D\u00f1a. M\u00aa Paz Unghetti Molina, hija de Constantino Unghetti, autor de la imagen del Sant\u00edsimo Cristo Yacente y ser\u00e1 la encargada del XXVII Preg\u00f3n \u201cSoledad\u201d.<\/p>\n<div class=\"x11i5rnm xat24cr x1mh8g0r x1vvkbs xtlvy1s x126k92a\">\n<p dir=\"auto\" style=\"text-align: justify;\">\u00darsula Colmenero, m\u00e1s conocida como Suli Colmenero, ocupa actualmente el cargo de Presidenta de la Ilustre, Pontificia y Real Cofrad\u00eda de la Virgen de la Capilla, alcaldesa mayor de la ciudad de Ja\u00e9n y tambi\u00e9n es Vicepresidenta de la Agrupaci\u00f3n de Cofrad\u00edas y Hermandades de la ciudad de Ja\u00e9n. Desde hace m\u00e1s de 10 a\u00f1os es cofrade de nuestra Cofrad\u00eda y ha sido camarera de Nuestra Se\u00f1ora de la Piedad<\/p>\n<\/div>\n<p style=\"font-weight: 400;\"><a href=\"http:\/\/soledadjaen.es\/web\/wp-content\/uploads\/WhatsApp-Image-2024-02-18-at-20.45.56.jpeg\"><img loading=\"lazy\" decoding=\"async\" class=\"aligncenter size-large wp-image-2920 colorbox-2212\" src=\"http:\/\/soledadjaen.es\/web\/wp-content\/uploads\/WhatsApp-Image-2024-02-18-at-20.45.56-775x1024.jpeg\" alt=\"WhatsApp Image 2024-02-18 at 20.45.56\" width=\"640\" height=\"846\" srcset=\"http:\/\/soledadjaen.es\/web\/wp-content\/uploads\/WhatsApp-Image-2024-02-18-at-20.45.56-775x1024.jpeg 775w, http:\/\/soledadjaen.es\/web\/wp-content\/uploads\/WhatsApp-Image-2024-02-18-at-20.45.56-227x300.jpeg 227w, http:\/\/soledadjaen.es\/web\/wp-content\/uploads\/WhatsApp-Image-2024-02-18-at-20.45.56.jpeg 1549w\" sizes=\"(max-width: 640px) 100vw, 640px\" \/><\/a><\/p>\n<p style=\"font-weight: 400;\"><a href=\"http:\/\/soledadjaen.es\/web\/wp-content\/uploads\/428636719_809438001224500_8203068812528571699_n.jpg\"><img loading=\"lazy\" decoding=\"async\" class=\"aligncenter size-large wp-image-2921 colorbox-2212\" src=\"http:\/\/soledadjaen.es\/web\/wp-content\/uploads\/428636719_809438001224500_8203068812528571699_n-1014x1024.jpg\" alt=\"428636719_809438001224500_8203068812528571699_n\" width=\"640\" height=\"646\" srcset=\"http:\/\/soledadjaen.es\/web\/wp-content\/uploads\/428636719_809438001224500_8203068812528571699_n-1014x1024.jpg 1014w, http:\/\/soledadjaen.es\/web\/wp-content\/uploads\/428636719_809438001224500_8203068812528571699_n-150x150.jpg 150w, http:\/\/soledadjaen.es\/web\/wp-content\/uploads\/428636719_809438001224500_8203068812528571699_n-297x300.jpg 297w, http:\/\/soledadjaen.es\/web\/wp-content\/uploads\/428636719_809438001224500_8203068812528571699_n.jpg 1034w\" sizes=\"(max-width: 640px) 100vw, 640px\" \/><\/a><\/p>\n<p style=\"font-weight: 400;\"><strong>CAMBIOS JUNTA DE GOBIERNO<\/strong><\/p>\n<p style=\"font-weight: 400; text-align: justify;\">Por la presente desde la Pontificia y Real Cofrad\u00eda del Sant\u00edsimo Cristo Yacente y Siervos de Nuestra Se\u00f1ora de la Soledad queremos poner en vuestro conocimiento que en sesi\u00f3n de Junta de Gobierno celebrada el mi\u00e9rcoles 28 de junio de 2023 a las 21:00 horas, en \u00fanica convocatoria, en la Casa de Hermandad (c\/ Tabler\u00f3n, 21) se trat\u00f3 en el punto 4 del orden del d\u00eda\u00a0<strong>Cambios en terna y Junta de Gobierno<\/strong><br \/>\nEn este punto Francisco Jim\u00e9nez Pedrosa, Hermano mayor, intervino para informar de los cambios a acometer en la Junta de gobierno como consecuencia de la elecci\u00f3n como concejal del Ayuntamiento de Ja\u00e9n de Manuel Carlos Vallejo Martos y la renuncia de Pedro Jos\u00e9 Merino Mart\u00edn por motivos de salud. Administrador y Vice-hermano mayor respectivamente, y que dejar\u00edan de formar parte de la terna y Junta de gobierno, siendo sustituidos por decisi\u00f3n del Hermano mayor por Juan Luis Lallena Rojo como administrador y por Jes\u00fas Mar\u00eda Pegalajar Cano como Vice-hermano mayor.<br \/>\nCon estos cambios\u00a0 la\u00a0<strong>terna\u00a0<\/strong>constituida por:<\/p>\n<p style=\"font-weight: 400; text-align: justify;\">Hermano Mayor: FRANCISCO JIM\u00c9NEZ PEDROSA<\/p>\n<p style=\"font-weight: 400; text-align: justify;\">Vice-hermano Mayor: JES\u00daS MAR\u00cdA PEGALAJAR CANO<\/p>\n<p style=\"font-weight: 400; text-align: justify;\">Administrador: JUAN LUIS LALLENA ROJO<\/p>\n<p style=\"font-weight: 400; text-align: justify;\">Como consecuencia de ello Francisco Jim\u00e9nez Pedrosa, Hermano mayor ha elegido como\u00a0\u00a0Secretaria a EVA MAR\u00cdA CA\u00d1ADA EXP\u00d3SITO y a su vez se incorpora como Vocal de Manifestaciones P\u00fablicas Juan Mar\u00edn Cruz.<\/p>\n<p style=\"font-weight: 400; text-align: justify;\">Con estos cambios la Junta de Gobierno queda constituida de la siguiente manera:<\/p>\n<p><strong><u>NUEVA COMPOSICI\u00d3N DE JUNTA DE GOBIERNO<\/u><\/strong><\/p>\n<p>Hermano Mayor: FRANCISCO JIM\u00c9NEZ PEDROSA<\/p>\n<p>Vice-hermano Mayor: JES\u00daS MAR\u00cdA PEGALAJAR CANO<\/p>\n<p>Administrador: JUAN LUIS LALLENA ROJO<\/p>\n<p>Secretaria: EVA MAR\u00cdA CA\u00d1ADA EXP\u00d3SITO<\/p>\n<p>VOCALES<\/p>\n<p>Cultos: MAR\u00cdA DEL PILAR VARGAS PORRAS<\/p>\n<p>Caridad: CAROLINA P\u00c9REZ BARAJAS<\/p>\n<p>Manif. p\u00fablicas: JUAN MAR\u00cdN CRUZ<\/p>\n<p>Formaci\u00f3n: ANTONIO LI\u00c9BANAS PEGALAJAR<\/p>\n<p>Juventud: JOS\u00c9 JAVIER MONTORO CA\u00d1ADA<\/p>\n<p>Patrimonio: SERGIO BAZ\u00c1N BELTR\u00c1N<\/p>\n<p>CONSILIARIOS:<\/p>\n<ul>\n<li>PEDRO JOS\u00c9 MERINO MART\u00cdN<\/li>\n<li>MANUEL PALOMARES HERRERA<\/li>\n<\/ul>\n","protected":false},"excerpt":{"rendered":"<p>XXVIII PREG\u00d3N \u201cSOLEDAD\u00bb El pr\u00f3ximo 8 de marzo, tendr\u00e1 lugar el XXVIII Preg\u00f3n \u201cSoledad\u201d, el cual correr\u00e1 a cargo de D\u00aa \u00darsula Colmenero Domingo. Tomar\u00e1 el testigo de D\u00f1a. M\u00aa Paz Unghetti Molina, hija de Constantino Unghetti, autor de la &hellip; <a href=\"http:\/\/soledadjaen.es\/web\/?p=2212\">Sigue leyendo <span class=\"meta-nav\">&rarr;<\/span><\/a><\/p>\n","protected":false},"author":1,"featured_media":0,"comment_status":"open","ping_status":"open","sticky":false,"template":"","format":"standard","meta":{"ngg_post_thumbnail":0,"footnotes":""},"categories":[1],"tags":[],"class_list":["post-2212","post","type-post","status-publish","format-standard","hentry","category-noticias"],"_links":{"self":[{"href":"http:\/\/soledadjaen.es\/web\/index.php?rest_route=\/wp\/v2\/posts\/2212"}],"collection":[{"href":"http:\/\/soledadjaen.es\/web\/index.php?rest_route=\/wp\/v2\/posts"}],"about":[{"href":"http:\/\/soledadjaen.es\/web\/index.php?rest_route=\/wp\/v2\/types\/post"}],"author":[{"embeddable":true,"href":"http:\/\/soledadjaen.es\/web\/index.php?rest_route=\/wp\/v2\/users\/1"}],"replies":[{"embeddable":true,"href":"http:\/\/soledadjaen.es\/web\/index.php?rest_route=%2Fwp%2Fv2%2Fcomments&post=2212"}],"version-history":[{"count":211,"href":"http:\/\/soledadjaen.es\/web\/index.php?rest_route=\/wp\/v2\/posts\/2212\/revisions"}],"predecessor-version":[{"id":2927,"href":"http:\/\/soledadjaen.es\/web\/index.php?rest_route=\/wp\/v2\/posts\/2212\/revisions\/2927"}],"wp:attachment":[{"href":"http:\/\/soledadjaen.es\/web\/index.php?rest_route=%2Fwp%2Fv2%2Fmedia&parent=2212"}],"wp:term":[{"taxonomy":"category","embeddable":true,"href":"http:\/\/soledadjaen.es\/web\/index.php?rest_route=%2Fwp%2Fv2%2Fcategories&post=2212"},{"taxonomy":"post_tag","embeddable":true,"href":"http:\/\/soledadjaen.es\/web\/index.php?rest_route=%2Fwp%2Fv2%2Ftags&post=2212"}],"curies":[{"name":"wp","href":"https:\/\/api.w.org\/{rel}","templated":true}]}}